{"id":5661,"date":"2020-07-22T10:47:17","date_gmt":"2020-07-22T08:47:17","guid":{"rendered":"http:\/\/www.6loupiots.fr\/?p=5661"},"modified":"2020-07-22T10:47:21","modified_gmt":"2020-07-22T08:47:21","slug":"declaration%e2%80%af-des-evolutions-pour-les-parents-employeurs-dassistants-maternels-et-leurs-salaries","status":"publish","type":"post","link":"https:\/\/www.6loupiots.fr\/?p=5661","title":{"rendered":"D\u00e9claration\u202f: des \u00e9volutions pour les parents employeurs d\u2019assistants maternels et leurs salari\u00e9s"},"content":{"rendered":"\n<p>A compter du 25 juillet, les parents employeurs d&rsquo;assistant maternel verront appara\u00eetre deux champs compl\u00e9mentaires lors de leur d\u00e9claration:<\/p>\n\n\n\n<p>-le nombre de jours d&rsquo;accueil lorsque l&rsquo;enfant est handicap\u00e9, malade ou inadapt\u00e9;<\/p>\n\n\n\n<p>-le nombre de jours o\u00f9 l&rsquo;enfant a \u00e9t\u00e9 gard\u00e9 plus de 24h cons\u00e9cutives.<\/p>\n\n\n\n<p>A partir des informations d\u00e9clar\u00e9es par l&#8217;employeur, Pajemploi calculera le montant de l&rsquo;abattement fiscal de l&rsquo;assistant maternel et le transmettra chaque mois \u00e0 l&rsquo;administration fiscale.<\/p>\n\n\n\n<div class=\"wp-block-image is-style-rounded\"><figure class=\"alignright size-large\"><img fetchpriority=\"high\" decoding=\"async\" width=\"959\" height=\"296\" src=\"https:\/\/www.6loupiots.fr\/wp-content\/uploads\/2020\/03\/bandeau-contact.png\" alt=\"\" class=\"wp-image-4960\" srcset=\"https:\/\/www.6loupiots.fr\/wp-content\/uploads\/2020\/03\/bandeau-contact.png 959w, https:\/\/www.6loupiots.fr\/wp-content\/uploads\/2020\/03\/bandeau-contact-300x93.png 300w, https:\/\/www.6loupiots.fr\/wp-content\/uploads\/2020\/03\/bandeau-contact-768x237.png 768w\" sizes=\"(max-width: 959px) 100vw, 959px\" \/><\/figure><\/div>\n\n\n\n<p>A compter du 10 ao\u00fbt, l&rsquo;assistant maternel pourra consulter et \u00e9diter le r\u00e9capitulatif mensuel de son abattement fiscal dans la rubrique \u00ab\u00a0Mon abattement fiscal\u00a0\u00bb sur son compte en ligne.<\/p>\n\n\n\n<p>Information Pajemploi \u00e0 retrouver en suivant <a rel=\"noreferrer noopener\" href=\"https:\/\/www.pajemploi.urssaf.fr\/pajewebinfo\/cms\/sites\/pajewebinfo\/services\/actualite--declaration--des-evol.html\" target=\"_blank\">ce lien<\/a>.<\/p>\n\n\n\n<p><\/p>\n","protected":false},"excerpt":{"rendered":"<p>A compter du 25 juillet, les parents employeurs d&rsquo;assistant maternel verront appara\u00eetre deux champs compl\u00e9mentaires lors de leur d\u00e9claration: -le nombre de jours d&rsquo;accueil lorsque l&rsquo;enfant est handicap\u00e9, malade ou inadapt\u00e9; -le nombre de jours o\u00f9 l&rsquo;enfant a \u00e9t\u00e9 gard\u00e9 plus de 24h cons\u00e9cutives. A partir des informations d\u00e9clar\u00e9es par l&#8217;employeur, Pajemploi calculera le montant&hellip; <br \/> <a class=\"button small blue\" href=\"https:\/\/www.6loupiots.fr\/?p=5661\">Lire la suite<\/a><\/p>\n","protected":false},"author":5,"featured_media":5331,"comment_status":"closed","ping_status":"open","sticky":false,"template":"","format":"standard","meta":{"_monsterinsights_skip_tracking":false,"_monsterinsights_sitenote_active":false,"_monsterinsights_sitenote_note":"","_monsterinsights_sitenote_category":0,"ngg_post_thumbnail":0,"_jetpack_memberships_contains_paid_content":false,"footnotes":""},"categories":[28,25,24],"tags":[],"class_list":["post-5661","post","type-post","status-publish","format-standard","has-post-thumbnail","hentry","category-boite-a-outil-des-assistants-maternels","category-infos-ass-maternels","category-info-parents-rpe"],"jetpack_featured_media_url":"https:\/\/www.6loupiots.fr\/wp-content\/uploads\/2020\/06\/pajemploi.png","jetpack_sharing_enabled":true,"post_mailing_queue_ids":[],"_links":{"self":[{"href":"https:\/\/www.6loupiots.fr\/index.php?rest_route=\/wp\/v2\/posts\/5661","targetHints":{"allow":["GET"]}}],"collection":[{"href":"https:\/\/www.6loupiots.fr\/index.php?rest_route=\/wp\/v2\/posts"}],"about":[{"href":"https:\/\/www.6loupiots.fr\/index.php?rest_route=\/wp\/v2\/types\/post"}],"author":[{"embeddable":true,"href":"https:\/\/www.6loupiots.fr\/index.php?rest_route=\/wp\/v2\/users\/5"}],"replies":[{"embeddable":true,"href":"https:\/\/www.6loupiots.fr\/index.php?rest_route=%2Fwp%2Fv2%2Fcomments&post=5661"}],"version-history":[{"count":6,"href":"https:\/\/www.6loupiots.fr\/index.php?rest_route=\/wp\/v2\/posts\/5661\/revisions"}],"predecessor-version":[{"id":5667,"href":"https:\/\/www.6loupiots.fr\/index.php?rest_route=\/wp\/v2\/posts\/5661\/revisions\/5667"}],"wp:featuredmedia":[{"embeddable":true,"href":"https:\/\/www.6loupiots.fr\/index.php?rest_route=\/wp\/v2\/media\/5331"}],"wp:attachment":[{"href":"https:\/\/www.6loupiots.fr\/index.php?rest_route=%2Fwp%2Fv2%2Fmedia&parent=5661"}],"wp:term":[{"taxonomy":"category","embeddable":true,"href":"https:\/\/www.6loupiots.fr\/index.php?rest_route=%2Fwp%2Fv2%2Fcategories&post=5661"},{"taxonomy":"post_tag","embeddable":true,"href":"https:\/\/www.6loupiots.fr\/index.php?rest_route=%2Fwp%2Fv2%2Ftags&post=5661"}],"curies":[{"name":"wp","href":"https:\/\/api.w.org\/{rel}","templated":true}]}}