{"id":5445,"date":"2020-06-16T16:20:32","date_gmt":"2020-06-16T14:20:32","guid":{"rendered":"http:\/\/www.6loupiots.fr\/?p=5445"},"modified":"2020-06-16T16:53:02","modified_gmt":"2020-06-16T14:53:02","slug":"decret-du-14-juin-2020","status":"publish","type":"post","link":"https:\/\/www.6loupiots.fr\/?p=5445","title":{"rendered":"D\u00e9cret du 14 Juin 2020"},"content":{"rendered":"\n<p>De la part de Ghislaine CHAMPAGNAC, Responsable PMI:<\/p>\n\n\n\n<p>&nbsp;<a href=\"https:\/\/www.legifrance.gouv.fr\/eli\/decret\/2020\/6\/14\/SSAZ2014912D\/jo\/texte\" target=\"_blank\" rel=\"noreferrer noopener\">Le d\u00e9cret n\u00b02020-724 du 14 juin 2020<\/a>&nbsp; modifie le d\u00e9cret du 31 mai 2020 prescrivant les mesures g\u00e9n\u00e9rales n\u00e9cessaires pour faire face \u00e0 l&rsquo;\u00e9pid\u00e9mie de covid 19 dans le cadre de l&rsquo;\u00e9tat d&rsquo;urgence sanitaire<\/p>\n\n\n\n<p>L&rsquo;article 32 est modifi\u00e9&nbsp;:<\/p>\n\n\n\n<p>Le I est remplac\u00e9 par les dispositions suivantes<\/p>\n\n\n\n<p><strong><span style=\"text-decoration: underline;\">\u00ab&nbsp;Dans les \u00e9tablissements et services d&rsquo;accueil du jeune enfant mentionn\u00e9s \u00e0 l&rsquo;article R. 2324-17 du code de la sant\u00e9 publique, dans les maisons d&rsquo;assistants maternels mentionn\u00e9es \u00e0 l&rsquo;article L. 424-1 du code de l&rsquo;action sociale et des familles et dans les relais d&rsquo;assistants maternels mentionn\u00e9s \u00e0 l&rsquo;article L. 214-2-1 du m\u00eame code, l&rsquo;accueil est assur\u00e9 dans le respect des dispositions qui leur sont applicables et en groupes d&rsquo;enfants qui ne peuvent pas se m\u00e9langer.<\/span><\/strong><\/p>\n\n\n\n<p><span style=\"text-decoration: underline;\">La r\u00e8gle de l&rsquo;accueil en groupe de maximum 10 enfants est d&rsquo;ores-et-d\u00e9j\u00e0 lev\u00e9e et remplac\u00e9e par la r\u00e8gle de l&rsquo;accueil \u00ab&nbsp;en groupes d&rsquo;enfants qui ne peuvent pas se m\u00e9langer&nbsp;\u00bb.<\/span><\/p>\n\n\n\n<p>Le II est abrog\u00e9 et le III devient le II<\/p>\n\n\n\n<p>L&rsquo;article 36 est ainsi modifi\u00e9 :<br>Le dernier alin\u00e9a du m\u00eame II est compl\u00e9t\u00e9 par les mots : \u00ab ainsi qu&rsquo;aux professionnels des \u00e9tablissements d&rsquo;accueil du jeune enfant d\u00e9finis \u00e0 l&rsquo;<a href=\"https:\/\/www.legifrance.gouv.fr\/affichCodeArticle.do?cidTexte=LEGITEXT000006072665&amp;idArticle=LEGIARTI000006911611&amp;dateTexte=&amp;categorieLien=cid\" rel=\"noreferrer noopener\" target=\"_blank\">article R. 2324-17 du code de la sant\u00e9 publique <\/a>et aux assistants maternels lorsqu&rsquo;ils sont en pr\u00e9sence des enfants. \u00bb<\/p>\n\n\n\n<p><strong><span style=\"text-decoration: underline;\">Le d\u00e9cret assouplit la r\u00e8gle en mati\u00e8re de port de masque puisque celui-ci ne sera plus obligatoire pour les professionnels des \u00e9tablissements et les assistants maternels \u00ab&nbsp;lorsqu&rsquo;ils sont en pr\u00e9sence des enfants&nbsp;\u00bb.<\/span><\/strong><\/p>\n\n\n\n<p>Les deux dispositions (lev\u00e9e de la r\u00e8gle d&rsquo;accueil en groupes autonomes de 10 enfants maximum et port du masque non-obligatoire en pr\u00e9sence des enfants) <strong><span style=\"text-decoration: underline;\">sont d&rsquo;application imm\u00e9diate.<\/span><\/strong><\/p>\n\n\n\n<p><strong><span style=\"text-decoration: underline;\">La Direction G\u00e9n\u00e9rale de la Coh\u00e9sion Sociale travaille \u00e9galement \u00e0 une version actualis\u00e9e du Guide minist\u00e9riel,<\/span><\/strong> selon les d\u00e9clarations du Pr\u00e9sident de La R\u00e9publique et l&rsquo;avis du Haut Comit\u00e9 de Sant\u00e9 Publique. Elle sera diffus\u00e9e dans les meilleurs d\u00e9lais apr\u00e8s validation par les autorit\u00e9s de sant\u00e9.<\/p>\n\n\n\n<p><strong><span style=\"text-decoration: underline;\">La version actualis\u00e9e du Guide minist\u00e9riel pr\u00e9cisera ces nouvelles dispositions ainsi que les autres assouplissements, notamment sur le protocole de nettoyage et d\u00e9sinfection.<\/span><\/strong><\/p>\n\n\n\n<p>&nbsp;L&rsquo;accent y sera \u00e9galement mis sur l&rsquo;importance de l&rsquo;engagement de tous, professionnels et parents, pour la r\u00e9ussite de la strat\u00e9gie de d\u00e9pistage pr\u00e9coce (<strong><em>note \u00e0 venir du service PMI)<\/em><\/strong> : clef pour \u00e9viter l&rsquo;apparition de clusters et maintenir collectivement l&rsquo;\u00e9pid\u00e9mie sous contr\u00f4le.<\/p>\n\n\n\n<p><strong>Le service de PMI ,&nbsp; central et territoires reste votre interlocuteur si besoin. <\/strong><\/p>\n\n\n\n<p><\/p>\n","protected":false},"excerpt":{"rendered":"<p>De la part de Ghislaine CHAMPAGNAC, Responsable PMI: &nbsp;Le d\u00e9cret n\u00b02020-724 du 14 juin 2020&nbsp; modifie le d\u00e9cret du 31 mai 2020 prescrivant les mesures g\u00e9n\u00e9rales n\u00e9cessaires pour faire face \u00e0 l&rsquo;\u00e9pid\u00e9mie de covid 19 dans le cadre de l&rsquo;\u00e9tat d&rsquo;urgence sanitaire L&rsquo;article 32 est modifi\u00e9&nbsp;: Le I est remplac\u00e9 par les dispositions suivantes \u00ab&nbsp;Dans&hellip; <br \/> <a class=\"button small blue\" href=\"https:\/\/www.6loupiots.fr\/?p=5445\">Lire la suite<\/a><\/p>\n","protected":false},"author":5,"featured_media":5446,"comment_status":"closed","ping_status":"open","sticky":false,"template":"","format":"standard","meta":{"_monsterinsights_skip_tracking":false,"_monsterinsights_sitenote_active":false,"_monsterinsights_sitenote_note":"","_monsterinsights_sitenote_category":0,"ngg_post_thumbnail":0,"_jetpack_memberships_contains_paid_content":false,"footnotes":""},"categories":[28,25,24],"tags":[],"class_list":["post-5445","post","type-post","status-publish","format-standard","has-post-thumbnail","hentry","category-boite-a-outil-des-assistants-maternels","category-infos-ass-maternels","category-info-parents-rpe"],"jetpack_featured_media_url":"https:\/\/www.6loupiots.fr\/wp-content\/uploads\/2020\/06\/legifrance-810x421-1.jpg","jetpack_sharing_enabled":true,"post_mailing_queue_ids":[],"_links":{"self":[{"href":"https:\/\/www.6loupiots.fr\/index.php?rest_route=\/wp\/v2\/posts\/5445","targetHints":{"allow":["GET"]}}],"collection":[{"href":"https:\/\/www.6loupiots.fr\/index.php?rest_route=\/wp\/v2\/posts"}],"about":[{"href":"https:\/\/www.6loupiots.fr\/index.php?rest_route=\/wp\/v2\/types\/post"}],"author":[{"embeddable":true,"href":"https:\/\/www.6loupiots.fr\/index.php?rest_route=\/wp\/v2\/users\/5"}],"replies":[{"embeddable":true,"href":"https:\/\/www.6loupiots.fr\/index.php?rest_route=%2Fwp%2Fv2%2Fcomments&post=5445"}],"version-history":[{"count":2,"href":"https:\/\/www.6loupiots.fr\/index.php?rest_route=\/wp\/v2\/posts\/5445\/revisions"}],"predecessor-version":[{"id":5449,"href":"https:\/\/www.6loupiots.fr\/index.php?rest_route=\/wp\/v2\/posts\/5445\/revisions\/5449"}],"wp:featuredmedia":[{"embeddable":true,"href":"https:\/\/www.6loupiots.fr\/index.php?rest_route=\/wp\/v2\/media\/5446"}],"wp:attachment":[{"href":"https:\/\/www.6loupiots.fr\/index.php?rest_route=%2Fwp%2Fv2%2Fmedia&parent=5445"}],"wp:term":[{"taxonomy":"category","embeddable":true,"href":"https:\/\/www.6loupiots.fr\/index.php?rest_route=%2Fwp%2Fv2%2Fcategories&post=5445"},{"taxonomy":"post_tag","embeddable":true,"href":"https:\/\/www.6loupiots.fr\/index.php?rest_route=%2Fwp%2Fv2%2Ftags&post=5445"}],"curies":[{"name":"wp","href":"https:\/\/api.w.org\/{rel}","templated":true}]}}