{"id":11650,"date":"2026-09-04T14:25:17","date_gmt":"2026-09-04T12:25:17","guid":{"rendered":"https:\/\/www.6loupiots.fr\/?p=11650"},"modified":"2026-09-04T14:25:19","modified_gmt":"2026-09-04T12:25:19","slug":"une-nouvelle-rentree-sous-le-signe-de-la-qualite-daccueil-aux-6-loupiots","status":"publish","type":"post","link":"https:\/\/www.6loupiots.fr\/?p=11650","title":{"rendered":"Une nouvelle rentr\u00e9e sous le signe de la qualit\u00e9 d\u2019accueil aux 6 loupiots !"},"content":{"rendered":"\n<p class=\"wp-block-paragraph\">\u00c0 l\u2019occasion de cette rentr\u00e9e 2026, le Relais Petite Enfance les 6 loupiots vous propose de porter une attention particuli\u00e8re \u00e0 <strong>la posture professionnelle et \u00e0 la qualit\u00e9 de l\u2019accueil du jeune enfant<\/strong>, au quotidien mais \u00e9galement lors des temps collectifs propos\u00e9s par le relais.<\/p>\n\n\n\n<p class=\"wp-block-paragraph\">La qualit\u00e9 d\u2019accueil repose sur des gestes, des paroles et des attitudes qui permettent \u00e0 chaque enfant de <strong>se sentir en s\u00e9curit\u00e9, respect\u00e9 et pleinement acteur de ses d\u00e9couvertes<\/strong>, tout en respectant son rythme, ses besoins et son individualit\u00e9.<\/p>\n\n\n\n<p class=\"wp-block-paragraph\">Lors des temps collectifs, cette posture professionnelle prend \u00e9galement tout son sens : <strong>\u00eatre disponible pour les enfants, favoriser leurs exp\u00e9riences et leurs interactions, adopter une communication bienveillante, respecter les autres professionnels et les familles, et participer \u00e0 la dynamique du groupe<\/strong>.<\/p>\n\n\n\n<p class=\"wp-block-paragraph\">Ces principes s&rsquo;inscrivent dans les valeurs port\u00e9es par la <strong>Charte nationale pour l\u2019accueil du jeune enfant<\/strong> et constituent des rep\u00e8res communs pour les professionnels de la petite enfance.<\/p>\n\n\n\n<p class=\"wp-block-paragraph\">Le Relais Petite Enfance est avant tout <strong>un espace d\u2019accompagnement des assistantes et assistants maternels<\/strong>. Il est l\u00e0 pour informer, soutenir, favoriser les \u00e9changes entre professionnels et permettre \u00e0 chacun de questionner et faire \u00e9voluer ses pratiques, dans une d\u00e9marche de r\u00e9flexion et de professionnalisation.<\/p>\n\n\n\n<p class=\"wp-block-paragraph\">Cette rentr\u00e9e est donc l\u2019occasion de nous retrouver autour de ces rep\u00e8res et de construire ensemble des temps collectifs toujours plus <strong>respectueux des enfants, des familles et de chacun des professionnels<\/strong>.<\/p>\n\n\n<div class=\"wp-block-image\">\n<figure class=\"aligncenter size-full\"><img fetchpriority=\"high\" decoding=\"async\" width=\"800\" height=\"2000\" src=\"https:\/\/www.6loupiots.fr\/wp-content\/uploads\/2026\/09\/Accueil-des-enfants-au-relais.jpg\" alt=\"\" class=\"wp-image-11651\" srcset=\"https:\/\/www.6loupiots.fr\/wp-content\/uploads\/2026\/09\/Accueil-des-enfants-au-relais.jpg 800w, https:\/\/www.6loupiots.fr\/wp-content\/uploads\/2026\/09\/Accueil-des-enfants-au-relais-614x1536.jpg 614w, https:\/\/www.6loupiots.fr\/wp-content\/uploads\/2026\/09\/Accueil-des-enfants-au-relais-120x300.jpg 120w, https:\/\/www.6loupiots.fr\/wp-content\/uploads\/2026\/09\/Accueil-des-enfants-au-relais-768x1920.jpg 768w, https:\/\/www.6loupiots.fr\/wp-content\/uploads\/2026\/09\/Accueil-des-enfants-au-relais-410x1024.jpg 410w, https:\/\/www.6loupiots.fr\/wp-content\/uploads\/2026\/09\/Accueil-des-enfants-au-relais-432x1080.jpg 432w\" sizes=\"(max-width: 800px) 100vw, 800px\" \/><\/figure>\n<\/div>\n\n\n<p class=\"wp-block-paragraph\"><\/p>\n\n\n\n<p class=\"wp-block-paragraph\"><strong>Parce que la qualit\u00e9 d\u2019accueil se construit au quotidien, et ensemble.<\/strong> En ce sens nous vous invitons \u00e0 prendre connaissance, \u00e0 signer et \u00e0 rapporter aupr\u00e8s des responsables de relais cet engagement pour la participation aux temps collectifs. <\/p>\n\n\n\n<p class=\"wp-block-paragraph\"><\/p>\n\n\n\n<figure class=\"wp-block-image size-large\"><img decoding=\"async\" width=\"683\" height=\"1024\" src=\"https:\/\/www.6loupiots.fr\/wp-content\/uploads\/2026\/09\/Engagement-temps-collectifs-RPE-6-looupiots-683x1024.png\" alt=\"\" class=\"wp-image-11652\" srcset=\"https:\/\/www.6loupiots.fr\/wp-content\/uploads\/2026\/09\/Engagement-temps-collectifs-RPE-6-looupiots-683x1024.png 683w, https:\/\/www.6loupiots.fr\/wp-content\/uploads\/2026\/09\/Engagement-temps-collectifs-RPE-6-looupiots-200x300.png 200w, https:\/\/www.6loupiots.fr\/wp-content\/uploads\/2026\/09\/Engagement-temps-collectifs-RPE-6-looupiots-768x1152.png 768w, https:\/\/www.6loupiots.fr\/wp-content\/uploads\/2026\/09\/Engagement-temps-collectifs-RPE-6-looupiots-720x1080.png 720w, https:\/\/www.6loupiots.fr\/wp-content\/uploads\/2026\/09\/Engagement-temps-collectifs-RPE-6-looupiots.png 1024w\" sizes=\"(max-width: 683px) 100vw, 683px\" \/><\/figure>\n","protected":false},"excerpt":{"rendered":"<p>\u00c0 l\u2019occasion de cette rentr\u00e9e 2026, le Relais Petite Enfance les 6 loupiots vous propose de porter une attention particuli\u00e8re \u00e0 la posture professionnelle et \u00e0 la qualit\u00e9 de l\u2019accueil du jeune enfant, au quotidien mais \u00e9galement lors des temps collectifs propos\u00e9s par le relais. La qualit\u00e9 d\u2019accueil repose sur des gestes, des paroles et&hellip; <br \/> <a class=\"button small blue\" href=\"https:\/\/www.6loupiots.fr\/?p=11650\">Lire la suite<\/a><\/p>\n","protected":false},"author":5,"featured_media":11653,"comment_status":"closed","ping_status":"open","sticky":false,"template":"","format":"standard","meta":{"_monsterinsights_skip_tracking":false,"ngg_post_thumbnail":0,"_jetpack_newsletter_access":"","_jetpack_dont_email_post_to_subs":false,"_jetpack_newsletter_tier_id":0,"_jetpack_memberships_contains_paywalled_content":false,"_jetpack_feature_clip_id":0,"_jetpack_memberships_contains_paid_content":false,"footnotes":"","jetpack_post_was_ever_published":false},"categories":[29,14,25],"tags":[],"class_list":["post-11650","post","type-post","status-publish","format-standard","has-post-thumbnail","hentry","category-actualites-pedagogiques","category-temps-d-eveil","category-infos-ass-maternels"],"jetpack_sharing_enabled":true,"jetpack_featured_media_url":"https:\/\/www.6loupiots.fr\/wp-content\/uploads\/2026\/09\/PhotoReal_An_interior_of_a_daycare_center_featuring_3yearold_c_3.jpg","post_mailing_queue_ids":[],"_links":{"self":[{"href":"https:\/\/www.6loupiots.fr\/index.php?rest_route=\/wp\/v2\/posts\/11650","targetHints":{"allow":["GET"]}}],"collection":[{"href":"https:\/\/www.6loupiots.fr\/index.php?rest_route=\/wp\/v2\/posts"}],"about":[{"href":"https:\/\/www.6loupiots.fr\/index.php?rest_route=\/wp\/v2\/types\/post"}],"author":[{"embeddable":true,"href":"https:\/\/www.6loupiots.fr\/index.php?rest_route=\/wp\/v2\/users\/5"}],"replies":[{"embeddable":true,"href":"https:\/\/www.6loupiots.fr\/index.php?rest_route=%2Fwp%2Fv2%2Fcomments&post=11650"}],"version-history":[{"count":2,"href":"https:\/\/www.6loupiots.fr\/index.php?rest_route=\/wp\/v2\/posts\/11650\/revisions"}],"predecessor-version":[{"id":11655,"href":"https:\/\/www.6loupiots.fr\/index.php?rest_route=\/wp\/v2\/posts\/11650\/revisions\/11655"}],"wp:featuredmedia":[{"embeddable":true,"href":"https:\/\/www.6loupiots.fr\/index.php?rest_route=\/wp\/v2\/media\/11653"}],"wp:attachment":[{"href":"https:\/\/www.6loupiots.fr\/index.php?rest_route=%2Fwp%2Fv2%2Fmedia&parent=11650"}],"wp:term":[{"taxonomy":"category","embeddable":true,"href":"https:\/\/www.6loupiots.fr\/index.php?rest_route=%2Fwp%2Fv2%2Fcategories&post=11650"},{"taxonomy":"post_tag","embeddable":true,"href":"https:\/\/www.6loupiots.fr\/index.php?rest_route=%2Fwp%2Fv2%2Ftags&post=11650"}],"curies":[{"name":"wp","href":"https:\/\/api.w.org\/{rel}","templated":true}]}}