{"id":11619,"date":"2026-08-31T14:25:00","date_gmt":"2026-08-31T12:25:00","guid":{"rendered":"https:\/\/www.6loupiots.fr\/?p=11619"},"modified":"2026-08-28T14:33:33","modified_gmt":"2026-08-28T12:33:33","slug":"analyse-de-la-pratique-professionnelle-nouvelles-dates-2026-2027","status":"publish","type":"post","link":"https:\/\/www.6loupiots.fr\/?p=11619","title":{"rendered":"Analyse de la Pratique Professionnelle \u2013 Nouvelles dates 2026\/2027"},"content":{"rendered":"\n<p class=\"wp-block-paragraph\">Bonjour \u00e0 toutes,<\/p>\n\n\n\n<p class=\"wp-block-paragraph\">Nous esp\u00e9rons que vous avez pass\u00e9 un bel \u00e9t\u00e9 et que vous \u00eates pr\u00eates pour une nouvelle ann\u00e9e professionnelle !<\/p>\n\n\n\n<p class=\"wp-block-paragraph\">Nous sommes heureuses de vous proposer \u00e0 nouveau des temps d\u2019<strong>Analyse de la Pratique Professionnelle (APP)<\/strong> avec <strong>Mme Falcand B\u00e9atrice, psychologue<\/strong>&nbsp;\u00e0 l&rsquo;Ecole des Parents et des Educateurs de la Loire, que certaines d\u2019entre vous connaissent d\u00e9j\u00e0 pour avoir particip\u00e9 aux groupes des ann\u00e9es pr\u00e9c\u00e9dentes.<\/p>\n\n\n\n<p class=\"wp-block-paragraph\">Ces rencontres sont l\u2019occasion de prendre un temps pour \u00e9changer autour de vos pratiques professionnelles, de partager vos exp\u00e9riences et vos questionnements, dans un cadre bienveillant et confidentiel.<\/p>\n\n\n\n<h3 class=\"wp-block-heading\"><img decoding=\"async\" alt=\"\ud83d\udc69\u200d\ud83d\udc67\" src=\"https:\/\/fonts.gstatic.com\/s\/e\/notoemoji\/17.0\/1f469_200d_1f467\/32.png\"> Groupe Assistantes Maternelles individuelles<\/h3>\n\n\n\n<p class=\"wp-block-paragraph\">Les s\u00e9ances auront lieu <strong>de 19h00 \u00e0 21h00<\/strong>, aux dates suivantes :<\/p>\n\n\n\n<ul class=\"wp-block-list\">\n<li>Jeudi 12 novembre 2026<\/li>\n\n\n\n<li><strong>Mercredi 2 d\u00e9cembre 2026<\/strong> (attention, exceptionnellement un mercredi)<\/li>\n\n\n\n<li>Jeudi 7 janvier 2027<\/li>\n\n\n\n<li>Jeudi 4 f\u00e9vrier 2027<\/li>\n\n\n\n<li>Jeudi 4 mars 2027<\/li>\n\n\n\n<li>Jeudi 8 avril 2027<\/li>\n\n\n\n<li>Jeudi 13 mai 2027<\/li>\n<\/ul>\n\n\n\n<h3 class=\"wp-block-heading\"><img decoding=\"async\" alt=\"\ud83c\udfe0\" src=\"https:\/\/fonts.gstatic.com\/s\/e\/notoemoji\/17.0\/1f3e0\/32.png\"> Groupe MAM<\/h3>\n\n\n\n<p class=\"wp-block-paragraph\">Les s\u00e9ances auront \u00e9galement lieu <strong>de 19h00 \u00e0 21h00<\/strong>, aux dates suivantes :<\/p>\n\n\n\n<ul class=\"wp-block-list\">\n<li>Jeudi 5 novembre 2026<\/li>\n\n\n\n<li>Jeudi 3 d\u00e9cembre 2026<\/li>\n\n\n\n<li>Jeudi 14 janvier 2027<\/li>\n\n\n\n<li>Jeudi 11 f\u00e9vrier 2027<\/li>\n\n\n\n<li>Jeudi 18 mars 2027<\/li>\n\n\n\n<li>Jeudi 29 avril 2027<\/li>\n\n\n\n<li>Jeudi 27 mai 2027<\/li>\n<\/ul>\n\n\n\n<figure class=\"wp-block-image\"><img decoding=\"async\" src=\"https:\/\/fonts.gstatic.com\/s\/e\/notoemoji\/17.0\/26a0_fe0f\/32.png\" alt=\"\u26a0\ufe0f\"\/><\/figure>\n\n\n\n<p class=\"wp-block-paragraph\">Merci de vous coordonner entre-vous les MAM pour nous indiquer seulement les noms des AM \u00e0 inscrire \u00e0 l&rsquo;EPE 42 pour les dossiers de demande de prise en charge (Maximum 10 personnes)<\/p>\n\n\n\n<p class=\"wp-block-paragraph\"><img decoding=\"async\" alt=\"\ud83d\udccd\" src=\"https:\/\/fonts.gstatic.com\/s\/e\/notoemoji\/17.0\/1f4cd\/32.png\"> <strong>Lieu des s\u00e9ances : Salle du Ch\u00e2teau \u2013 43120 Monistrol-sur-Loire<\/strong><\/p>\n\n\n\n<h3 class=\"wp-block-heading\"><img decoding=\"async\" alt=\"\ud83d\udcb6\" src=\"https:\/\/fonts.gstatic.com\/s\/e\/notoemoji\/17.0\/1f4b6\/32.png\"> Une formation financ\u00e9e et indemnis\u00e9e par IPERIA<\/h3>\n\n\n\n<p class=\"wp-block-paragraph\">Ces temps d\u2019APP s\u2019inscrivent dans le cadre de la <strong>formation professionnelle financ\u00e9e par IPERIA<\/strong>.<\/p>\n\n\n\n<p class=\"wp-block-paragraph\">Comme les s\u00e9ances se d\u00e9roulent <strong>en dehors de votre temps d\u2019accueil des enfants<\/strong>, vous pouvez b\u00e9n\u00e9ficier d\u2019une <strong>allocation de formation de 5,57 \u20ac par heure<\/strong>. Pour une s\u00e9ance de 2 heures, cela repr\u00e9sente <strong>11,14 \u20ac d\u2019allocation de formation<\/strong>. (<a href=\"https:\/\/iperia.eu\/fr\/actualites\/tout-savoir-sur-lallocation-de-formation?utm_source=chatgpt.com\">Iperia<\/a>)<\/p>\n\n\n\n<p class=\"wp-block-paragraph\">Vous pouvez \u00e9galement b\u00e9n\u00e9ficier d\u2019une <strong>prise en charge de vos frais kilom\u00e9triques<\/strong>, \u00e0 hauteur de <strong>0,40 \u20ac par kilom\u00e8tre<\/strong>, pour le trajet entre <strong>votre domicile et le lieu de formation, aller-retour<\/strong>. Cette prise en charge est soumise aux conditions pr\u00e9vues par IPERIA. (<a href=\"https:\/\/www.iperia.eu\/BI-ASSMAT-interactif-2025.pdf?utm_source=chatgpt.com\">Iperia<\/a>)<\/p>\n\n\n\n<p class=\"wp-block-paragraph\">Ces dispositifs permettent ainsi de valoriser votre engagement dans la formation et de limiter les frais li\u00e9s \u00e0 votre participation.<\/p>\n\n\n\n<h3 class=\"wp-block-heading\"><img decoding=\"async\" alt=\"\u26a0\ufe0f\" src=\"https:\/\/fonts.gstatic.com\/s\/e\/notoemoji\/17.0\/26a0_fe0f\/32.png\"> Conditions d&rsquo;inscription<\/h3>\n\n\n\n<p class=\"wp-block-paragraph\">Les groupes doivent \u00eatre constitu\u00e9s de <strong>8 \u00e0 10 personnes<\/strong>.<\/p>\n\n\n\n<p class=\"wp-block-paragraph\">Pour permettre un travail de groupe coh\u00e9rent et continu, les participantes doivent \u00eatre <strong>en activit\u00e9 pendant toute la dur\u00e9e de la formation<\/strong>. Il n\u2019est donc pas possible de changer d\u2019employeur en cours de parcours.<\/p>\n\n\n\n<p class=\"wp-block-paragraph\"><img decoding=\"async\" src=\"https:\/\/fonts.gstatic.com\/s\/e\/notoemoji\/17.0\/1f4e9\/32.png\" alt=\"\ud83d\udce9\"> <strong>Si vous souhaitez participer, merci de nous faire parvenir votre inscription \u00e0 contact@6loupiots.fr avant le 10 septembre 2026.<\/strong><\/p>\n\n\n\n<p class=\"wp-block-paragraph\">Les places \u00e9tant limit\u00e9es, nous vous invitons \u00e0 vous inscrire rapidement afin de pouvoir constituer les groupes.<\/p>\n\n\n\n<p class=\"wp-block-paragraph\">Belle rentr\u00e9e \u00e0 toutes <img decoding=\"async\" alt=\"\ud83c\udf38\" src=\"https:\/\/fonts.gstatic.com\/s\/e\/notoemoji\/17.0\/1f338\/32.png\"><\/p>\n\n\n\n<p class=\"wp-block-paragraph\">Bien cordialement,<\/p>\n\n\n\n<p class=\"wp-block-paragraph\">L&rsquo;\u00e9quipe du relais petite enfance<\/p>\n","protected":false},"excerpt":{"rendered":"<p>Bonjour \u00e0 toutes, Nous esp\u00e9rons que vous avez pass\u00e9 un bel \u00e9t\u00e9 et que vous \u00eates pr\u00eates pour une nouvelle ann\u00e9e professionnelle ! Nous sommes heureuses de vous proposer \u00e0 nouveau des temps d\u2019Analyse de la Pratique Professionnelle (APP) avec Mme Falcand B\u00e9atrice, psychologue&nbsp;\u00e0 l&rsquo;Ecole des Parents et des Educateurs de la Loire, que certaines&hellip; <br \/> <a class=\"button small blue\" href=\"https:\/\/www.6loupiots.fr\/?p=11619\">Lire la suite<\/a><\/p>\n","protected":false},"author":5,"featured_media":10662,"comment_status":"closed","ping_status":"open","sticky":false,"template":"","format":"standard","meta":{"_monsterinsights_skip_tracking":false,"ngg_post_thumbnail":0,"_jetpack_newsletter_access":"","_jetpack_dont_email_post_to_subs":false,"_jetpack_newsletter_tier_id":0,"_jetpack_memberships_contains_paywalled_content":false,"_jetpack_feature_clip_id":0,"_jetpack_memberships_contains_paid_content":false,"footnotes":"","jetpack_post_was_ever_published":false},"categories":[8,25],"tags":[],"class_list":["post-11619","post","type-post","status-publish","format-standard","has-post-thumbnail","hentry","category-formation-continue-des-ass-mat","category-infos-ass-maternels"],"jetpack_sharing_enabled":true,"jetpack_featured_media_url":"https:\/\/www.6loupiots.fr\/wp-content\/uploads\/2024\/09\/parents.jpg","post_mailing_queue_ids":[],"_links":{"self":[{"href":"https:\/\/www.6loupiots.fr\/index.php?rest_route=\/wp\/v2\/posts\/11619","targetHints":{"allow":["GET"]}}],"collection":[{"href":"https:\/\/www.6loupiots.fr\/index.php?rest_route=\/wp\/v2\/posts"}],"about":[{"href":"https:\/\/www.6loupiots.fr\/index.php?rest_route=\/wp\/v2\/types\/post"}],"author":[{"embeddable":true,"href":"https:\/\/www.6loupiots.fr\/index.php?rest_route=\/wp\/v2\/users\/5"}],"replies":[{"embeddable":true,"href":"https:\/\/www.6loupiots.fr\/index.php?rest_route=%2Fwp%2Fv2%2Fcomments&post=11619"}],"version-history":[{"count":3,"href":"https:\/\/www.6loupiots.fr\/index.php?rest_route=\/wp\/v2\/posts\/11619\/revisions"}],"predecessor-version":[{"id":11624,"href":"https:\/\/www.6loupiots.fr\/index.php?rest_route=\/wp\/v2\/posts\/11619\/revisions\/11624"}],"wp:featuredmedia":[{"embeddable":true,"href":"https:\/\/www.6loupiots.fr\/index.php?rest_route=\/wp\/v2\/media\/10662"}],"wp:attachment":[{"href":"https:\/\/www.6loupiots.fr\/index.php?rest_route=%2Fwp%2Fv2%2Fmedia&parent=11619"}],"wp:term":[{"taxonomy":"category","embeddable":true,"href":"https:\/\/www.6loupiots.fr\/index.php?rest_route=%2Fwp%2Fv2%2Fcategories&post=11619"},{"taxonomy":"post_tag","embeddable":true,"href":"https:\/\/www.6loupiots.fr\/index.php?rest_route=%2Fwp%2Fv2%2Ftags&post=11619"}],"curies":[{"name":"wp","href":"https:\/\/api.w.org\/{rel}","templated":true}]}}