{"id":11239,"date":"2025-12-01T14:17:57","date_gmt":"2025-12-01T13:17:57","guid":{"rendered":"https:\/\/www.6loupiots.fr\/?p=11239"},"modified":"2025-12-01T14:17:59","modified_gmt":"2025-12-01T13:17:59","slug":"petit-rappel-invitation-au-spectacle-de-noel-du-relais","status":"publish","type":"post","link":"https:\/\/www.6loupiots.fr\/?p=11239","title":{"rendered":"Petit rappel : invitation au spectacle de No\u00ebl du relais !"},"content":{"rendered":"\n<p><strong>Pour c\u00e9l\u00e9brer la fin d\u2019ann\u00e9e et les f\u00eates de No\u00ebl<\/strong>, le&nbsp;<strong>Relais Petite Enfance<\/strong>&nbsp;a le plaisir de vous inviter au spectacle&nbsp;<strong>ESKIS<\/strong>&nbsp;de la compagnie&nbsp;<strong>Po\u00e9.<\/strong><\/p>\n\n\n\n<p>Nous vous donnons rendez-vous&nbsp;<strong>Mercredi 17 d\u00e9cembre<\/strong>&nbsp;\u2013&nbsp;<strong>Salle de la Capitelle \u2013 MONISTROL-SUR-LOIRE<\/strong><\/p>\n\n\n\n<h3 class=\"wp-block-heading\">D\u00e9roulement de la matin\u00e9e :<\/h3>\n\n\n\n<p>Deux s\u00e9ances seront propos\u00e9es, chacune pr\u00e9c\u00e9d\u00e9e d\u2019un go\u00fbter offert :<\/p>\n\n\n\n<ul class=\"wp-block-list\">\n<li><strong>1er groupe<\/strong>\u00a0: spectacle \u00e0\u00a0<strong>9h00<\/strong>, go\u00fbter \u00e0\u00a0<strong>9h30<\/strong><\/li>\n\n\n\n<li><strong>2e groupe<\/strong>\u00a0: go\u00fbter \u00e0\u00a0<strong>10h00<\/strong>, spectacle \u00e0\u00a0<strong>10h30<\/strong><\/li>\n<\/ul>\n\n\n\n<h3 class=\"wp-block-heading\">Public concern\u00e9 :<\/h3>\n\n\n\n<p>Spectacle r\u00e9serv\u00e9 aux&nbsp;<strong>enfants de 0 \u00e0 6 ans<\/strong>&nbsp;accueillis chez une&nbsp;<strong>assistante maternelle<\/strong>.<\/p>\n\n\n\n<p>L\u2019adulte accompagnant peut \u00eatre :<\/p>\n\n\n\n<ul class=\"wp-block-list\">\n<li>une\u00a0<strong>assistante maternelle adh\u00e9rente<\/strong>\u00a0\u00e0 l\u2019association\u00a0<em>\u00ab 6 Loupiots \u00bb<\/em>,<\/li>\n\n\n\n<li>ou un\u00a0<strong>parent adh\u00e9rent<\/strong>\u00a0\u00e0 l\u2019association\u00a0<em>\u00ab 6 Loupiots \u00bb<\/em>.<\/li>\n<\/ul>\n\n\n\n<h3 class=\"wp-block-heading has-vivid-red-color has-text-color has-link-color wp-elements-6bd9ae8ea4d4ab6cdb39dbe9de45a096\"><strong>Tarifs d\u00e9taill\u00e9s :<\/strong><\/h3>\n\n\n\n<ul class=\"wp-block-list\">\n<li class=\"has-vivid-red-color has-text-color has-link-color wp-elements-89319f5a5bbe2a95c7081db40fc96782\"><strong>Gratuit\u00a0pour les enfants dont les parents sont adh\u00e9rents, <\/strong><\/li>\n\n\n\n<li class=\"has-vivid-red-color has-text-color has-link-color wp-elements-90a9eba64a576df27e6f14a736fe7ac5\"><strong>Gratuits pour<\/strong> <strong>les parents et les assistantes maternelles adh\u00e9rents<\/strong><\/li>\n<\/ul>\n\n\n\n<p><\/p>\n\n\n\n<ul class=\"wp-block-list\">\n<li class=\"has-vivid-red-color has-text-color has-link-color wp-elements-9daa949f56c1fcbedba1a7040f987392\"><strong>3\u20ac\u00a0pour les enfants de parents non adh\u00e9rents, <\/strong><\/li>\n\n\n\n<li class=\"has-vivid-red-color has-text-color has-link-color wp-elements-211d0cda44b02134695ff0415a7f0dc4\"><strong>3\u20ac pour les parents non adh\u00e9rents et les assistantes maternelles non adh\u00e9rentes<\/strong><\/li>\n<\/ul>\n\n\n\n<p><strong>Inscriptions avant le 5 d\u00e9cembre 2025,<\/strong>&nbsp;dans la limite des places disponibles :&nbsp;<strong>contact@6loupiots.fr ou 04.71.66.38.16<\/strong><\/p>\n\n\n\n<figure class=\"wp-block-image\"><img fetchpriority=\"high\" decoding=\"async\" width=\"300\" height=\"212\" src=\"https:\/\/www.6loupiots.fr\/wp-content\/uploads\/2025\/11\/Affiche-ESKIS-1-300x212.jpg\" alt=\"\" class=\"wp-image-11187\" srcset=\"https:\/\/www.6loupiots.fr\/wp-content\/uploads\/2025\/11\/Affiche-ESKIS-1-300x212.jpg 300w, https:\/\/www.6loupiots.fr\/wp-content\/uploads\/2025\/11\/Affiche-ESKIS-1-1024x724.jpg 1024w, https:\/\/www.6loupiots.fr\/wp-content\/uploads\/2025\/11\/Affiche-ESKIS-1-768x543.jpg 768w, https:\/\/www.6loupiots.fr\/wp-content\/uploads\/2025\/11\/Affiche-ESKIS-1-1536x1086.jpg 1536w, https:\/\/www.6loupiots.fr\/wp-content\/uploads\/2025\/11\/Affiche-ESKIS-1-2048x1448.jpg 2048w, https:\/\/www.6loupiots.fr\/wp-content\/uploads\/2025\/11\/Affiche-ESKIS-1-1528x1080.jpg 1528w\" sizes=\"(max-width: 300px) 100vw, 300px\" \/><\/figure>\n\n\n\n<h4 class=\"wp-block-heading\"><strong><a href=\"https:\/\/www.youtube.com\/watch?v=gdwsH0m2z5A\">ESKIS<\/a><\/strong>\u00a0<strong>visionner ici ce spectacle<\/strong>\u00a0!<br><br><br><strong>Spectacle danse, musique et peinture, autonome et tout-terrain, familial d\u00e8s 6 mois<br><br><br>Dur\u00e9e du spectacle : 25 minutes<br><br>Cr\u00e9ation danse, musique et peinture pour : 1\u00a0 danseuse et 1 musicienne.\u00a0<br><br>Chor\u00e9graphie et mise en sc\u00e8ne : Ana\u00efs Exbrayat<br>Composition, chant et musique live : Marie Hebbelynck<\/strong><\/h4>\n","protected":false},"excerpt":{"rendered":"<p>Pour c\u00e9l\u00e9brer la fin d\u2019ann\u00e9e et les f\u00eates de No\u00ebl, le&nbsp;Relais Petite Enfance&nbsp;a le plaisir de vous inviter au spectacle&nbsp;ESKIS&nbsp;de la compagnie&nbsp;Po\u00e9. Nous vous donnons rendez-vous&nbsp;Mercredi 17 d\u00e9cembre&nbsp;\u2013&nbsp;Salle de la Capitelle \u2013 MONISTROL-SUR-LOIRE D\u00e9roulement de la matin\u00e9e : Deux s\u00e9ances seront propos\u00e9es, chacune pr\u00e9c\u00e9d\u00e9e d\u2019un go\u00fbter offert : Public concern\u00e9 : Spectacle r\u00e9serv\u00e9 aux&nbsp;enfants de&hellip; <br \/> <a class=\"button small blue\" href=\"https:\/\/www.6loupiots.fr\/?p=11239\">Lire la suite<\/a><\/p>\n","protected":false},"author":5,"featured_media":11188,"comment_status":"closed","ping_status":"open","sticky":false,"template":"","format":"standard","meta":{"_monsterinsights_skip_tracking":false,"_monsterinsights_sitenote_active":false,"_monsterinsights_sitenote_note":"","_monsterinsights_sitenote_category":0,"ngg_post_thumbnail":0,"_jetpack_memberships_contains_paid_content":false,"footnotes":""},"categories":[14,11,25,24],"tags":[],"class_list":["post-11239","post","type-post","status-publish","format-standard","has-post-thumbnail","hentry","category-temps-d-eveil","category-conference-2","category-infos-ass-maternels","category-info-parents-rpe"],"jetpack_featured_media_url":"https:\/\/www.6loupiots.fr\/wp-content\/uploads\/2025\/11\/Affiche-spectacle-de-noel-.jpg","jetpack_sharing_enabled":true,"post_mailing_queue_ids":[],"_links":{"self":[{"href":"https:\/\/www.6loupiots.fr\/index.php?rest_route=\/wp\/v2\/posts\/11239","targetHints":{"allow":["GET"]}}],"collection":[{"href":"https:\/\/www.6loupiots.fr\/index.php?rest_route=\/wp\/v2\/posts"}],"about":[{"href":"https:\/\/www.6loupiots.fr\/index.php?rest_route=\/wp\/v2\/types\/post"}],"author":[{"embeddable":true,"href":"https:\/\/www.6loupiots.fr\/index.php?rest_route=\/wp\/v2\/users\/5"}],"replies":[{"embeddable":true,"href":"https:\/\/www.6loupiots.fr\/index.php?rest_route=%2Fwp%2Fv2%2Fcomments&post=11239"}],"version-history":[{"count":1,"href":"https:\/\/www.6loupiots.fr\/index.php?rest_route=\/wp\/v2\/posts\/11239\/revisions"}],"predecessor-version":[{"id":11240,"href":"https:\/\/www.6loupiots.fr\/index.php?rest_route=\/wp\/v2\/posts\/11239\/revisions\/11240"}],"wp:featuredmedia":[{"embeddable":true,"href":"https:\/\/www.6loupiots.fr\/index.php?rest_route=\/wp\/v2\/media\/11188"}],"wp:attachment":[{"href":"https:\/\/www.6loupiots.fr\/index.php?rest_route=%2Fwp%2Fv2%2Fmedia&parent=11239"}],"wp:term":[{"taxonomy":"category","embeddable":true,"href":"https:\/\/www.6loupiots.fr\/index.php?rest_route=%2Fwp%2Fv2%2Fcategories&post=11239"},{"taxonomy":"post_tag","embeddable":true,"href":"https:\/\/www.6loupiots.fr\/index.php?rest_route=%2Fwp%2Fv2%2Ftags&post=11239"}],"curies":[{"name":"wp","href":"https:\/\/api.w.org\/{rel}","templated":true}]}}